{"id":2988,"date":"2019-04-24T20:05:07","date_gmt":"2019-04-24T20:05:07","guid":{"rendered":"http:\/\/mariafernandacardoso.com\/?p=2988"},"modified":"2021-09-30T06:44:25","modified_gmt":"2021-09-29T20:44:25","slug":"retro-vision-espectral-aproximaciones-a-una-historia-del-videoarte-en-colombia","status":"publish","type":"post","link":"https:\/\/mariafernandacardoso.com\/es\/retro-vision-espectral-aproximaciones-a-una-historia-del-videoarte-en-colombia\/","title":{"rendered":"Retro visi\u00f3n Espectral: Aproximaciones a una historia del videoarte en Colombia"},"content":{"rendered":"<p>El Museo de Antioquia en coproducci\u00f3n con el Instituto Distrital para las Artes \u2013Idartes- presentan en Medell\u00edn la investigaci\u00f3n retrospectiva Retro Visi\u00f3n Espectral: aproximaciones a una historia del videoarte en Colombia con la curadur\u00eda del pionero de este medio en el pa\u00eds, Gilles Charalambos, franc\u00e9s de nacimiento, antioque\u00f1o por adopci\u00f3n, quien en conjunto con Andr\u00e9s Garc\u00eda-La Rota realizaron la selecci\u00f3n de las piezas m\u00e1s representativas de los medios audiovisuales de origen en el contexto de las experimentaciones sonora, electr\u00f3nica y conceptual desde final de los a\u00f1os sesenta y su posterior desarrollo y consolidaci\u00f3n en los a\u00f1os setenta y noventa en el pa\u00eds.<\/p>\r\n\r\n\r\n\r\n<p>Experimentaciones y videos de realizadores ya ic\u00f3nicos, como Miguel \u00c1ngel C\u00e1rdenas, Ra\u00fal Marroqu\u00edn, Jos\u00e9 Alejandro Restrepo, Mar\u00eda Teresa Hincapi\u00e9, Andr\u00e9s Burbano, Mar\u00eda Fernanda Cardoso y Jonier Mar\u00edn, entre otros, as\u00ed como la presencia de videorealizadores antioque\u00f1os como Ana Claudia M\u00fanera, M\u00f3nica Farbiartz, Marta Luc\u00eda V\u00e9lez, Javier Cruz, Clemencia Echeverri y Alejandro Duque, constituyen una oportunidad \u00fanica para comprender los procesos e derivas del arte actual en nuestro medio.<\/p>\r\n\r\n\r\n\r\n<p>La exposici\u00f3n se despliega en las dos salas temporales del Museo y en el espacio intermedio entre estas, con los materiales de los a\u00f1os noventa en la Sala Sur y los ochentas en la Sala Norte, los cuales son los m\u00e1s numerosos, y los primeros de los a\u00f1os setenta y los que cierran con las realizaciones del nuevo milenio en el hall intermedio entre ellas. Estos contenidos se complementan con dos espacios de proyecci\u00f3n donde el visitante podr\u00e1 encontrar una serie de entrevistas a los videoartistas m\u00e1s representativos de la muestra, una secuencia continua con un film minuto donde se dan a conocer cada uno de los 42 videos que conforman la exposici\u00f3n, y en el lobby principal del Museo, la proyecci\u00f3n del material documental y de prensa que se gener\u00f3 con la irrupci\u00f3n de esta tendencia en el campo art\u00edstico nacional.<\/p>\r\n\r\n\r\n\r\n<p><strong>Equipo de Curadur\u00eda<\/strong><br><strong>Museo de Antioquia<br><\/strong><\/p>\r\n\r\n\r\n\r\n<h5 class=\"wp-block-heading\">Esta exposici\u00f3n tiene el apoyo del Ministerio de Cultura de Colombia<\/h5>\r\n\r\n\r\n\r\n<p>Link: <a href=\"https:\/\/www.museodeantioquia.co\/exposicion\/retro-vision-espectral\/\">https:\/\/www.museodeantioquia.co\/exposicion\/retro-vision-espectral\/<\/a><\/p>","protected":false},"excerpt":{"rendered":"<p>El Museo de Antioquia en coproducci\u00f3n con el Instituto Distrital para las Artes \u2013Idartes- presentan en Medell\u00edn la investigaci\u00f3n retrospectiva Retro Visi\u00f3n Espectral: aproximaciones a una historia del videoarte en Colombia con la curadur\u00eda del pionero de este medio en el pa\u00eds, Gilles Charalambos, franc\u00e9s de nacimiento, antioque\u00f1o por adopci\u00f3n, &hellip;<\/p>\n<div class=\"wrap-excerpt-more\"><a class=\"excerpt-more\" href=\"https:\/\/mariafernandacardoso.com\/es\/retro-vision-espectral-aproximaciones-a-una-historia-del-videoarte-en-colombia\/\">Continue reading<\/a><\/div>","protected":false},"author":2,"featured_media":9155,"comment_status":"closed","ping_status":"closed","sticky":false,"template":"","format":"standard","meta":{"footnotes":""},"categories":[1],"tags":[],"_links":{"self":[{"href":"https:\/\/mariafernandacardoso.com\/es\/wp-json\/wp\/v2\/posts\/2988"}],"collection":[{"href":"https:\/\/mariafernandacardoso.com\/es\/wp-json\/wp\/v2\/posts"}],"about":[{"href":"https:\/\/mariafernandacardoso.com\/es\/wp-json\/wp\/v2\/types\/post"}],"author":[{"embeddable":true,"href":"https:\/\/mariafernandacardoso.com\/es\/wp-json\/wp\/v2\/users\/2"}],"replies":[{"embeddable":true,"href":"https:\/\/mariafernandacardoso.com\/es\/wp-json\/wp\/v2\/comments?post=2988"}],"version-history":[{"count":3,"href":"https:\/\/mariafernandacardoso.com\/es\/wp-json\/wp\/v2\/posts\/2988\/revisions"}],"predecessor-version":[{"id":2994,"href":"https:\/\/mariafernandacardoso.com\/es\/wp-json\/wp\/v2\/posts\/2988\/revisions\/2994"}],"wp:featuredmedia":[{"embeddable":true,"href":"https:\/\/mariafernandacardoso.com\/es\/wp-json\/wp\/v2\/media\/9155"}],"wp:attachment":[{"href":"https:\/\/mariafernandacardoso.com\/es\/wp-json\/wp\/v2\/media?parent=2988"}],"wp:term":[{"taxonomy":"category","embeddable":true,"href":"https:\/\/mariafernandacardoso.com\/es\/wp-json\/wp\/v2\/categories?post=2988"},{"taxonomy":"post_tag","embeddable":true,"href":"https:\/\/mariafernandacardoso.com\/es\/wp-json\/wp\/v2\/tags?post=2988"}],"curies":[{"name":"wp","href":"https:\/\/api.w.org\/{rel}","templated":true}]}}