{"id":4890,"date":"2019-09-17T23:43:48","date_gmt":"2019-09-17T23:43:48","guid":{"rendered":"http:\/\/mariafernandacardoso.com\/?p=4890"},"modified":"2021-09-30T06:44:25","modified_gmt":"2021-09-29T20:44:25","slug":"iv-seminario-taller-desafios-en-la-conservacion-del-arte-contemporaneo","status":"publish","type":"post","link":"https:\/\/mariafernandacardoso.com\/es\/iv-seminario-taller-desafios-en-la-conservacion-del-arte-contemporaneo\/","title":{"rendered":"IV Seminario\/Taller; desaf\u00edos en la conservaci\u00f3n del arte contempor\u00e1neo"},"content":{"rendered":"<figure class=\"wp-block-image\"><img loading=\"lazy\" decoding=\"async\" width=\"1023\" height=\"759\" src=\"http:\/\/mariafernandacardoso.com\/wp-content\/uploads\/2019\/09\/be703c0958.jpg\" alt=\"\" class=\"wp-image-4891\" srcset=\"https:\/\/mariafernandacardoso.com\/wp-content\/uploads\/2019\/09\/be703c0958.jpg 1023w, https:\/\/mariafernandacardoso.com\/wp-content\/uploads\/2019\/09\/be703c0958-300x223.jpg 300w, https:\/\/mariafernandacardoso.com\/wp-content\/uploads\/2019\/09\/be703c0958-768x570.jpg 768w, https:\/\/mariafernandacardoso.com\/wp-content\/uploads\/2019\/09\/be703c0958-220x163.jpg 220w, https:\/\/mariafernandacardoso.com\/wp-content\/uploads\/2019\/09\/be703c0958-442x328.jpg 442w, https:\/\/mariafernandacardoso.com\/wp-content\/uploads\/2019\/09\/be703c0958-884x656.jpg 884w\" sizes=\"(max-width: 1023px) 100vw, 1023px\" \/><\/figure>\n\n\n\n<h3 class=\"wp-block-heading\">Invita Ministerio de las Culturas de las Artes y el Patrimonio <a rel=\"noreferrer noopener\" href=\"https:\/\/www.cncr.gob.cl\/sitio\/Contenido\/Noticias\/91170:IV-Seminario-Taller-desafios-en-la-conservacion-del-arte-contemporaneo\" target=\"_blank\"><\/a><\/h3>\n\n\n\n<p>IV Seminario\/Taller; desaf\u00edos en la conservaci\u00f3n del arte contempor\u00e1neo<br>\u201cSistemas Inestables\u201d\u00a0<br>El Centro Nacional de Conservaci\u00f3n y Restauraci\u00f3n, la Galer\u00eda Gabriela Mistral, el Centro Nacional de Arte Contempor\u00e1neo y el \u00c1rea de nuevos medios del Ministerio de las Culturas las Artes y el Patrimonio invitan a chilenos y extranjeros a participar en el Seminario\/taller titulado \u201cSistemas Inestables\u201d en el \u00e1mbito de las artes visuales contempor\u00e1neas con \u00e9nfasis en investigaciones vinculadas a las nuevas tecnolog\u00edas, nuevos medios y\/o nuevas investigaciones en el campo de la restauraci\u00f3n y conservaci\u00f3n de arte contempor\u00e1neo.<br>Este seminario tendr\u00e1 lugar en Santiago de Chile, el 28 y 29 de Agosto de 10:00 a 18:00 en el Centro Nacional de Conservaci\u00f3n y Restauraci\u00f3n, Recoleta Dom\u00ednica.<\/p>\n\n\n\n<p>Link:<a href=\"http:\/\/galeriagm.cultura.gob.cl\/conferencia\">http:\/\/galeriagm.cultura.gob.cl\/conferencia<\/a><\/p>","protected":false},"excerpt":{"rendered":"<p>Invita Ministerio de las Culturas de las Artes y el Patrimonio IV Seminario\/Taller; desaf\u00edos en la conservaci\u00f3n del arte contempor\u00e1neo\u201cSistemas Inestables\u201d\u00a0El Centro Nacional de Conservaci\u00f3n y Restauraci\u00f3n, la Galer\u00eda Gabriela Mistral, el Centro Nacional de Arte Contempor\u00e1neo y el \u00c1rea de nuevos medios del Ministerio de las Culturas las Artes &hellip;<\/p>\n<div class=\"wrap-excerpt-more\"><a class=\"excerpt-more\" href=\"https:\/\/mariafernandacardoso.com\/es\/iv-seminario-taller-desafios-en-la-conservacion-del-arte-contemporaneo\/\">Continue reading<\/a><\/div>","protected":false},"author":2,"featured_media":4891,"comment_status":"closed","ping_status":"closed","sticky":false,"template":"","format":"standard","meta":{"footnotes":""},"categories":[1],"tags":[],"_links":{"self":[{"href":"https:\/\/mariafernandacardoso.com\/es\/wp-json\/wp\/v2\/posts\/4890"}],"collection":[{"href":"https:\/\/mariafernandacardoso.com\/es\/wp-json\/wp\/v2\/posts"}],"about":[{"href":"https:\/\/mariafernandacardoso.com\/es\/wp-json\/wp\/v2\/types\/post"}],"author":[{"embeddable":true,"href":"https:\/\/mariafernandacardoso.com\/es\/wp-json\/wp\/v2\/users\/2"}],"replies":[{"embeddable":true,"href":"https:\/\/mariafernandacardoso.com\/es\/wp-json\/wp\/v2\/comments?post=4890"}],"version-history":[{"count":1,"href":"https:\/\/mariafernandacardoso.com\/es\/wp-json\/wp\/v2\/posts\/4890\/revisions"}],"predecessor-version":[{"id":4892,"href":"https:\/\/mariafernandacardoso.com\/es\/wp-json\/wp\/v2\/posts\/4890\/revisions\/4892"}],"wp:featuredmedia":[{"embeddable":true,"href":"https:\/\/mariafernandacardoso.com\/es\/wp-json\/wp\/v2\/media\/4891"}],"wp:attachment":[{"href":"https:\/\/mariafernandacardoso.com\/es\/wp-json\/wp\/v2\/media?parent=4890"}],"wp:term":[{"taxonomy":"category","embeddable":true,"href":"https:\/\/mariafernandacardoso.com\/es\/wp-json\/wp\/v2\/categories?post=4890"},{"taxonomy":"post_tag","embeddable":true,"href":"https:\/\/mariafernandacardoso.com\/es\/wp-json\/wp\/v2\/tags?post=4890"}],"curies":[{"name":"wp","href":"https:\/\/api.w.org\/{rel}","templated":true}]}}