{"id":5637,"date":"2020-03-09T19:29:59","date_gmt":"2020-03-09T19:29:59","guid":{"rendered":"https:\/\/mariafernandacardoso.com\/?p=5637"},"modified":"2020-03-09T19:30:01","modified_gmt":"2020-03-09T19:30:01","slug":"mikron-colectiva-casa-hoffman-bogota-6-03-4-04","status":"publish","type":"post","link":"https:\/\/mariafernandacardoso.com\/es\/mikron-colectiva-casa-hoffman-bogota-6-03-4-04\/","title":{"rendered":"MIKR\u00d3N | Colectiva | Casa Hoffman, Bogot\u00e1 | 6\/03 \u2013 4\/04"},"content":{"rendered":"<p><strong>As\u00ed como el microscopio nos ha permitido observar configuraciones y formas de vida sorprendentes, las piezas aqu\u00ed presentadas retan la noci\u00f3n de obra de arte convencional, congregando a un grupo de creadores que experimentan con nuevos recursos discursivos y materialidades, para de esta manera manifestar sutilmente algunas fuentes de referencia tecno-cient\u00edfica. Por esta raz\u00f3n, este formato de exhibici\u00f3n promueve un m\u00e9todo de investigaci\u00f3n transversal que intenta amplificar nuestras nociones respecto a los universos microsc\u00f3picos.<\/strong><\/p>\n\n\n\n<div class=\"wp-block-image is-style-default\"><figure class=\"aligncenter size-large is-resized\"><img loading=\"lazy\" decoding=\"async\" src=\"https:\/\/mariafernandacardoso.com\/wp-content\/uploads\/2020\/03\/6-MARIAJOSELEANO-pelargonium13-1024x716.jpg\" alt=\"\" class=\"wp-image-5638\" width=\"424\" height=\"296\" srcset=\"https:\/\/mariafernandacardoso.com\/wp-content\/uploads\/2020\/03\/6-MARIAJOSELEANO-pelargonium13-1024x716.jpg 1024w, https:\/\/mariafernandacardoso.com\/wp-content\/uploads\/2020\/03\/6-MARIAJOSELEANO-pelargonium13-300x210.jpg 300w, https:\/\/mariafernandacardoso.com\/wp-content\/uploads\/2020\/03\/6-MARIAJOSELEANO-pelargonium13-768x537.jpg 768w, https:\/\/mariafernandacardoso.com\/wp-content\/uploads\/2020\/03\/6-MARIAJOSELEANO-pelargonium13-220x154.jpg 220w, https:\/\/mariafernandacardoso.com\/wp-content\/uploads\/2020\/03\/6-MARIAJOSELEANO-pelargonium13-469x328.jpg 469w, https:\/\/mariafernandacardoso.com\/wp-content\/uploads\/2020\/03\/6-MARIAJOSELEANO-pelargonium13-938x656.jpg 938w, https:\/\/mariafernandacardoso.com\/wp-content\/uploads\/2020\/03\/6-MARIAJOSELEANO-pelargonium13.jpg 1125w\" sizes=\"(max-width: 424px) 100vw, 424px\" \/><figcaption>Mar\u00eda Jos\u00e9 Leano \u2013 Pelargonium<\/figcaption><\/figure><\/div>\n\n\n\n<p>En el contexto de la revoluci\u00f3n molecular, hemos alcanzado un alto nivel de desarrollo tecnol\u00f3gico que nos ha permitido conocer y descifrar micro-universos, los cuales eran inalcanzables, e incluso en ocasiones incomprensibles para el modelo de especulaci\u00f3n cient\u00edfica propio del siglo XX. Con las nuevas formas de observaci\u00f3n microsc\u00f3picas y la interpretaci\u00f3n de datos asistida por la fusi\u00f3n de un conocimiento transversal, nuestra civilizaci\u00f3n adquiere el compromiso de modificar sus principios de supervivencia, para redefinir el concepto del origen y de la evoluci\u00f3n de la vida en el universo.<\/p>\n\n\n\n<p>MIKR\u00d3N es una\u00a0<strong>curadur\u00eda de John \u00c1ngel Rodr\u00edguez<\/strong>\u00a0y cuyo formato de investigaci\u00f3n examina el pensamiento multidimensional. Por lo tanto, los artistas y obras que hacen parte de esta exhibici\u00f3n, documentan de forma tangencial el resultado de esa indagaci\u00f3n te\u00f3rica, donde los proyectos proponen miradas transversales a este universo. El t\u00e9rmino que se ha elegido para denominar esta exhibici\u00f3n colectiva, funciona como un gesto catalizador que intenta abrir un camino hacia la especulaci\u00f3n de esta oculta dimensi\u00f3n.<\/p>\n\n\n\n<div class=\"wp-block-image\"><figure class=\"aligncenter size-large is-resized\"><img loading=\"lazy\" decoding=\"async\" src=\"https:\/\/mariafernandacardoso.com\/wp-content\/uploads\/2020\/03\/5-PHLIPKLAWITER-biogenesis-1024x1024.jpg\" alt=\"\" class=\"wp-image-5639\" width=\"429\" height=\"429\" srcset=\"https:\/\/mariafernandacardoso.com\/wp-content\/uploads\/2020\/03\/5-PHLIPKLAWITER-biogenesis-1024x1024.jpg 1024w, https:\/\/mariafernandacardoso.com\/wp-content\/uploads\/2020\/03\/5-PHLIPKLAWITER-biogenesis-300x300.jpg 300w, https:\/\/mariafernandacardoso.com\/wp-content\/uploads\/2020\/03\/5-PHLIPKLAWITER-biogenesis-150x150.jpg 150w, https:\/\/mariafernandacardoso.com\/wp-content\/uploads\/2020\/03\/5-PHLIPKLAWITER-biogenesis-768x768.jpg 768w, https:\/\/mariafernandacardoso.com\/wp-content\/uploads\/2020\/03\/5-PHLIPKLAWITER-biogenesis-90x90.jpg 90w, https:\/\/mariafernandacardoso.com\/wp-content\/uploads\/2020\/03\/5-PHLIPKLAWITER-biogenesis-220x220.jpg 220w, https:\/\/mariafernandacardoso.com\/wp-content\/uploads\/2020\/03\/5-PHLIPKLAWITER-biogenesis-328x328.jpg 328w, https:\/\/mariafernandacardoso.com\/wp-content\/uploads\/2020\/03\/5-PHLIPKLAWITER-biogenesis-656x656.jpg 656w, https:\/\/mariafernandacardoso.com\/wp-content\/uploads\/2020\/03\/5-PHLIPKLAWITER-biogenesis-500x500.jpg 500w, https:\/\/mariafernandacardoso.com\/wp-content\/uploads\/2020\/03\/5-PHLIPKLAWITER-biogenesis.jpg 1200w\" sizes=\"(max-width: 429px) 100vw, 429px\" \/><figcaption>Philip Klawiter \u2013 Biog\u00e9nesis<\/figcaption><\/figure><\/div>\n\n\n\n<p>La microbiolog\u00eda, la bioqu\u00edmica, la neurolog\u00eda y la f\u00edsica cu\u00e1ntica son algunas de las \u00e1reas del conocimiento de elaboraci\u00f3n tecno-cient\u00edfica que est\u00e1n desarrollando estas nuevas aproximaciones, te\u00f3ricas y pr\u00e1cticas, al mecanismo que permite la vida, con el objetivo de empezar a entender c\u00f3mo se organizan y estructuran las m\u00e1s min\u00fasculas formas de existencia y de qu\u00e9 manera se relacionan con los macro-sistemas. Por lo tanto, uno de los grandes retos que afronta nuestra civilizaci\u00f3n es descifrar esas interacciones y sus m\u00e1s imperceptibles componentes, para poder optimizar nuestra relaci\u00f3n con el medio ambiente y tambi\u00e9n ejecutar una apropiada transici\u00f3n hacia una civilizaci\u00f3n planetaria.<\/p>\n\n\n\n<p>Acceder a este inmenso reino de micro-organismos, micro-estructuras, agrupaciones unicelulares y formas de vida no-org\u00e1nicas, nos permitir\u00e1 potencializar y corregir nuestra correlaci\u00f3n con la bi\u00f3sfera; asimismo podremos redefinir la idea de existencia e implementar m\u00faltiples dispositivos simbi\u00f3ticos, aprovechando las funciones de ciertos organismos fuera de sus contextos. A su vez, esto nos permitir\u00e1 elaborar una coordinada ingenier\u00eda de concepto, para as\u00ed redise\u00f1ar nuestra matriz de t\u00e9rminos esenciales. En esta medida y direcci\u00f3n de redescubrimiento, tanto los conceptos como el lenguaje requieren ser actualizados a las luces de estos ins\u00f3litos develamientos.<\/p>\n\n\n\n<div class=\"wp-block-image\"><figure class=\"aligncenter size-large is-resized\"><img loading=\"lazy\" decoding=\"async\" src=\"https:\/\/mariafernandacardoso.com\/wp-content\/uploads\/2020\/03\/4-IVANHERRERA-motadebolsillo-1024x679-1.jpg\" alt=\"\" class=\"wp-image-5640\" width=\"442\" height=\"293\" srcset=\"https:\/\/mariafernandacardoso.com\/wp-content\/uploads\/2020\/03\/4-IVANHERRERA-motadebolsillo-1024x679-1.jpg 1024w, https:\/\/mariafernandacardoso.com\/wp-content\/uploads\/2020\/03\/4-IVANHERRERA-motadebolsillo-1024x679-1-300x199.jpg 300w, https:\/\/mariafernandacardoso.com\/wp-content\/uploads\/2020\/03\/4-IVANHERRERA-motadebolsillo-1024x679-1-768x509.jpg 768w, https:\/\/mariafernandacardoso.com\/wp-content\/uploads\/2020\/03\/4-IVANHERRERA-motadebolsillo-1024x679-1-220x146.jpg 220w, https:\/\/mariafernandacardoso.com\/wp-content\/uploads\/2020\/03\/4-IVANHERRERA-motadebolsillo-1024x679-1-495x328.jpg 495w, https:\/\/mariafernandacardoso.com\/wp-content\/uploads\/2020\/03\/4-IVANHERRERA-motadebolsillo-1024x679-1-989x656.jpg 989w\" sizes=\"(max-width: 442px) 100vw, 442px\" \/><figcaption>Iv\u00e1n Herrera \u2013 Mota de bolsillo<\/figcaption><\/figure><\/div>\n\n\n\n<p>El arte, la ciencia y la tecnolog\u00eda ser\u00e1n los territorios de indagaci\u00f3n que se empalmar\u00e1n con m\u00e1s frecuencia y estas iniciativas aproximar\u00e1n did\u00e1cticamente tanto a los investigadores-creadores como a las audiencias.<\/p>\n\n\n\n<p>Artistas:\u00a0<strong>Johanna Arenas, Karen Aune, Marcela Calder\u00f3n, Mar\u00eda Fernanda Cardoso, Ximena D\u00edaz, Yury Forero, Alfredo Gil,\u00a0An\u00edbal Gomescasseres, \u00c1lvaro Diego G\u00f3mez, Iv\u00e1n Herrera, Lina Hincapi\u00e9,\u00a0Philip Klawitter, Alvaro Lacouture, Andr\u00e9s Layos, Mar\u00eda Jos\u00e9 Lea\u00f1o, Luz Lizarazo, Adriana Marmorek, Camilo Manrique, Sonia Rojas, Santiago Torres, Santiago Vargas, Carolina Villegas.<\/strong><\/p>\n\n\n\n<p>Link: <a href=\"https:\/\/www.arteallimite.com\/2020\/03\/04\/mikron-colectiva-casa-hoffman-bogota-6-03-4-04\/?fbclid=IwAR2amlq2RfHoXOZYPz1W3TPcwWf1dC-CTlE0UcOv0xsJkLRIyLPH07W_IMk.\">https:\/\/www.arteallimite.com\/2020\/03\/04\/mikron-colectiva-casa-hoffman-bogota-6-03-4-04\/?fbclid=IwAR2amlq2RfHoXOZYPz1W3TPcwWf1dC-CTlE0UcOv0xsJkLRIyLPH07W_IMk.<\/a><\/p>","protected":false},"excerpt":{"rendered":"<p>As\u00ed como el microscopio nos ha permitido observar configuraciones y formas de vida sorprendentes, las piezas aqu\u00ed presentadas retan la noci\u00f3n de obra de arte convencional, congregando a un grupo de creadores que experimentan con nuevos recursos discursivos y materialidades, para de esta manera manifestar sutilmente algunas fuentes de referencia &hellip;<\/p>\n<div class=\"wrap-excerpt-more\"><a class=\"excerpt-more\" href=\"https:\/\/mariafernandacardoso.com\/es\/mikron-colectiva-casa-hoffman-bogota-6-03-4-04\/\">Continue reading<\/a><\/div>","protected":false},"author":2,"featured_media":5639,"comment_status":"closed","ping_status":"closed","sticky":false,"template":"","format":"standard","meta":{"footnotes":""},"categories":[1],"tags":[],"_links":{"self":[{"href":"https:\/\/mariafernandacardoso.com\/es\/wp-json\/wp\/v2\/posts\/5637"}],"collection":[{"href":"https:\/\/mariafernandacardoso.com\/es\/wp-json\/wp\/v2\/posts"}],"about":[{"href":"https:\/\/mariafernandacardoso.com\/es\/wp-json\/wp\/v2\/types\/post"}],"author":[{"embeddable":true,"href":"https:\/\/mariafernandacardoso.com\/es\/wp-json\/wp\/v2\/users\/2"}],"replies":[{"embeddable":true,"href":"https:\/\/mariafernandacardoso.com\/es\/wp-json\/wp\/v2\/comments?post=5637"}],"version-history":[{"count":1,"href":"https:\/\/mariafernandacardoso.com\/es\/wp-json\/wp\/v2\/posts\/5637\/revisions"}],"predecessor-version":[{"id":5641,"href":"https:\/\/mariafernandacardoso.com\/es\/wp-json\/wp\/v2\/posts\/5637\/revisions\/5641"}],"wp:featuredmedia":[{"embeddable":true,"href":"https:\/\/mariafernandacardoso.com\/es\/wp-json\/wp\/v2\/media\/5639"}],"wp:attachment":[{"href":"https:\/\/mariafernandacardoso.com\/es\/wp-json\/wp\/v2\/media?parent=5637"}],"wp:term":[{"taxonomy":"category","embeddable":true,"href":"https:\/\/mariafernandacardoso.com\/es\/wp-json\/wp\/v2\/categories?post=5637"},{"taxonomy":"post_tag","embeddable":true,"href":"https:\/\/mariafernandacardoso.com\/es\/wp-json\/wp\/v2\/tags?post=5637"}],"curies":[{"name":"wp","href":"https:\/\/api.w.org\/{rel}","templated":true}]}}