{"id":6001,"date":"2020-04-23T20:59:34","date_gmt":"2020-04-23T20:59:34","guid":{"rendered":"https:\/\/mariafernandacardoso.com\/?p=6001"},"modified":"2020-04-23T22:04:15","modified_gmt":"2020-04-23T22:04:15","slug":"simbiosis-entropica-exposicion-colectiva-en-museo-de-arte-de-pereira-colombia-suspendida","status":"publish","type":"post","link":"https:\/\/mariafernandacardoso.com\/es\/simbiosis-entropica-exposicion-colectiva-en-museo-de-arte-de-pereira-colombia-suspendida\/","title":{"rendered":"Simbiosis Entr\u00f3pica exposici\u00f3n colectiva en Museo de Arte de Pereira, Colombia | Suspendida"},"content":{"rendered":"<figure class=\"wp-block-image size-large\"><img loading=\"lazy\" decoding=\"async\" width=\"750\" height=\"493\" src=\"https:\/\/mariafernandacardoso.com\/wp-content\/uploads\/2020\/04\/IMG_5447-2.jpg\" alt=\"\" class=\"wp-image-6028\" srcset=\"https:\/\/mariafernandacardoso.com\/wp-content\/uploads\/2020\/04\/IMG_5447-2.jpg 750w, https:\/\/mariafernandacardoso.com\/wp-content\/uploads\/2020\/04\/IMG_5447-2-300x197.jpg 300w, https:\/\/mariafernandacardoso.com\/wp-content\/uploads\/2020\/04\/IMG_5447-2-220x145.jpg 220w, https:\/\/mariafernandacardoso.com\/wp-content\/uploads\/2020\/04\/IMG_5447-2-499x328.jpg 499w\" sizes=\"(max-width: 750px) 100vw, 750px\" \/><\/figure>\n\n\n\n<h4 class=\"wp-block-heading\">Curador: John \u00c1ngel Rodr\u00edguez.<\/h4>\n\n\n\n<p>Las obras exhibidas en&nbsp;<em>Simbiosis Entr\u00f3pica<\/em>&nbsp; invitan al espectador a establecer conexiones e interpretaciones, que precedan la narrativa tradicional y el discurso hermen\u00e9utico de la historia del arte, para de esta&nbsp;&nbsp;manera posibilitar una nueva forma de disertaci\u00f3n y renovar la experiencia contemplativa.<\/p>\n\n\n\n<p>La tecnolog\u00eda nos permite superar algunos de los obst\u00e1culos, que la visi\u00f3n humana no puede categorizar y entender. Los dispositivos tecnol\u00f3gicos nos ayudan a trascender las limitaciones perceptuales; esta forma de maniobrar ha cambiado los procesos cognitivos y se convierte en un modelo alternativo para comprender la dimensi\u00f3n en la que estamos inmersos y por consiguiente reconocer la existencia de otras formas de vida. Aceptar la complejidad de la materia, nos permitir\u00e1 descubrir una extensa&nbsp;&nbsp;serie de Simbiosis; tanto org\u00e1nicas como sint\u00e9ticas.<\/p>\n\n\n\n<div class=\"wp-block-image\"><figure class=\"aligncenter size-large is-resized\"><img loading=\"lazy\" decoding=\"async\" src=\"https:\/\/mariafernandacardoso.com\/wp-content\/uploads\/2020\/04\/Rosell-Meseguer-1024x575-1.jpg\" alt=\"\" class=\"wp-image-6003\" width=\"453\" height=\"254\" srcset=\"https:\/\/mariafernandacardoso.com\/wp-content\/uploads\/2020\/04\/Rosell-Meseguer-1024x575-1.jpg 1024w, https:\/\/mariafernandacardoso.com\/wp-content\/uploads\/2020\/04\/Rosell-Meseguer-1024x575-1-300x168.jpg 300w, https:\/\/mariafernandacardoso.com\/wp-content\/uploads\/2020\/04\/Rosell-Meseguer-1024x575-1-768x431.jpg 768w, https:\/\/mariafernandacardoso.com\/wp-content\/uploads\/2020\/04\/Rosell-Meseguer-1024x575-1-220x124.jpg 220w, https:\/\/mariafernandacardoso.com\/wp-content\/uploads\/2020\/04\/Rosell-Meseguer-1024x575-1-583x328.jpg 583w\" sizes=\"(max-width: 453px) 100vw, 453px\" \/><figcaption>Rosell Meseguer<\/figcaption><\/figure><\/div>\n\n\n\n<p>Mientras que la entrop\u00eda descubre magnitudes entre distintos estados micro y macro, cuya disposici\u00f3n de elementos implica un balance y organizaci\u00f3n sistem\u00e1tico de la materia; la simbiosis de saberes es un componente que viabiliza que las metodolog\u00edas art\u00edsticas transiten hacia nuevos&nbsp;modelos transversales de investigaci\u00f3n. Por lo tanto acceder a fuentes de referencia&nbsp;tecno-cient\u00edfica, no solo puede ampliar nuestro vocablo, tambi\u00e9n consiente expandir nuestras nociones de c\u00f3mo debemos relacionarnos e interactuar con el entorno.<\/p>\n\n\n\n<p>En la&nbsp;era molecular&nbsp;la materia ha sido reinterpretada, ahora podemos entenderla como un conglomerado de mol\u00e9culas de distinta \u00edndole; esta definici\u00f3n ha facultado realizar distintas transformaciones y experimentaciones. Este m\u00e9todo de emplear la materia en el arte, ha sido denominado \u201cEst\u00e9ticas Moleculares\u201d. La aplicaci\u00f3n de estos t\u00e9rminos en el contexto creativo, permite comprender la materia desde distintos territorios y discursos; tanto las categor\u00edas como las formas de describir una pieza de arte han cambiado sustancialmente. Raz\u00f3n por la cual este proyecto curatorial expone una serie de obras, que obedecen a distintos tratamientos de la materia, por una parte encontramos piezas realizadas en diferentes medios y otras en donde el procedimiento art\u00edstico obedece a una investigaci\u00f3n, que referencia \u00e1reas del conocimiento distintas a las de las artes (geoqu\u00edmica, microbiolog\u00eda, neurolog\u00eda y f\u00edsica cu\u00e1ntica).<\/p>\n\n\n\n<div class=\"wp-block-image\"><figure class=\"aligncenter size-large is-resized\"><img loading=\"lazy\" decoding=\"async\" src=\"https:\/\/mariafernandacardoso.com\/wp-content\/uploads\/2020\/04\/Juan-Melo-981x1024-1.jpg\" alt=\"\" class=\"wp-image-6004\" width=\"348\" height=\"363\" srcset=\"https:\/\/mariafernandacardoso.com\/wp-content\/uploads\/2020\/04\/Juan-Melo-981x1024-1.jpg 981w, https:\/\/mariafernandacardoso.com\/wp-content\/uploads\/2020\/04\/Juan-Melo-981x1024-1-287x300.jpg 287w, https:\/\/mariafernandacardoso.com\/wp-content\/uploads\/2020\/04\/Juan-Melo-981x1024-1-768x802.jpg 768w, https:\/\/mariafernandacardoso.com\/wp-content\/uploads\/2020\/04\/Juan-Melo-981x1024-1-211x220.jpg 211w, https:\/\/mariafernandacardoso.com\/wp-content\/uploads\/2020\/04\/Juan-Melo-981x1024-1-314x328.jpg 314w, https:\/\/mariafernandacardoso.com\/wp-content\/uploads\/2020\/04\/Juan-Melo-981x1024-1-628x656.jpg 628w\" sizes=\"(max-width: 348px) 100vw, 348px\" \/><figcaption>Juan Melo<\/figcaption><\/figure><\/div>\n\n\n\n<p>Con esta iniciativa intentamos hacer evidente que existen distintas formas de vida, configuraciones celulares y moleculares. Elementos que a\u00fan desconocemos su origen y como funcionan. Dimensiones perceptuales, que a\u00fan no podemos discernir, sin embargo coexisten en paralelo y aunque no logremos determinar su territorio de convergencia con exactitud, tampoco es acertado desconocer su existencia y lugar en nuestro universo. En ese intervalo temporal, es donde las piezas de arte aqu\u00ed expuestas, sirven como un umbral a esas extra\u00f1as construcciones de la materia.<\/p>\n\n\n\n<p>Esta situaci\u00f3n puede ser vislumbrada por el espectador haciendo un recorrido y exploraci\u00f3n alrededor de las propuestas art\u00edsticas, en donde encontrara una amplia gama de naturalezas modificadas, alteradas y replicadas sint\u00e9ticamente.<\/p>\n\n\n\n<div class=\"wp-block-image\"><figure class=\"aligncenter size-large is-resized\"><img loading=\"lazy\" decoding=\"async\" src=\"https:\/\/mariafernandacardoso.com\/wp-content\/uploads\/2020\/04\/Maria-Angelica-Madero-1024x1020-1.jpg\" alt=\"\" class=\"wp-image-6005\" width=\"327\" height=\"325\" srcset=\"https:\/\/mariafernandacardoso.com\/wp-content\/uploads\/2020\/04\/Maria-Angelica-Madero-1024x1020-1.jpg 1024w, https:\/\/mariafernandacardoso.com\/wp-content\/uploads\/2020\/04\/Maria-Angelica-Madero-1024x1020-1-150x150.jpg 150w, https:\/\/mariafernandacardoso.com\/wp-content\/uploads\/2020\/04\/Maria-Angelica-Madero-1024x1020-1-768x765.jpg 768w, https:\/\/mariafernandacardoso.com\/wp-content\/uploads\/2020\/04\/Maria-Angelica-Madero-1024x1020-1-90x90.jpg 90w, https:\/\/mariafernandacardoso.com\/wp-content\/uploads\/2020\/04\/Maria-Angelica-Madero-1024x1020-1-220x220.jpg 220w, https:\/\/mariafernandacardoso.com\/wp-content\/uploads\/2020\/04\/Maria-Angelica-Madero-1024x1020-1-329x328.jpg 329w, https:\/\/mariafernandacardoso.com\/wp-content\/uploads\/2020\/04\/Maria-Angelica-Madero-1024x1020-1-659x656.jpg 659w\" sizes=\"(max-width: 327px) 100vw, 327px\" \/><figcaption>Maria Angelica Madero<\/figcaption><\/figure><\/div>\n\n\n\n<p>En conclusi\u00f3n&nbsp;<em>Simbiosis Entr\u00f3pica<\/em>&nbsp;invita al observador a considerar la existencia de formas de vida desconocidas y para este fin es pertinente inspeccionar con atenci\u00f3n el recinto expositivo, debido a que las obras formulan una mutaci\u00f3n y alteraci\u00f3n de la materia, desde una visi\u00f3n molecular; para as\u00ed ensayar e idear como lograremos erigir una apropiada y balanceada transici\u00f3n hacia una&nbsp;civilizaci\u00f3n planetaria.<\/p>\n\n\n\n<p><strong>Artistas<\/strong>: Juan Covelli, Mar\u00eda Fernanda Cardozo, Nicol\u00e1s C\u00e1rdenas, Juan Walker, Juan Jos\u00e9 Garc\u00eda, Rosell Meseguer, Santiago Andr\u00e9s Torres, Carolina Villegas, \u00c1lvaro Lacouture, \u00c1lvaro Diego G\u00f3mez, Sonia Rojas, Ximena de Valdenebro, An\u00edbal Gomescasseres, Johanna Arenas, Adriana Marmorek, Alicia de La Torre, Mar\u00eda Ang\u00e9lica Madero, Juan Melo, Hernando Velandia, Andr\u00e9s Layos, Joel Grossman, Karen Aune, Javier Barrios.<\/p>\n\n\n\n<div class=\"wp-block-image\"><figure class=\"aligncenter size-large is-resized\"><img loading=\"lazy\" decoding=\"async\" src=\"https:\/\/mariafernandacardoso.com\/wp-content\/uploads\/2020\/04\/Nicolas-Cardenas-1024x634-1.jpg\" alt=\"\" class=\"wp-image-6006\" width=\"585\" height=\"362\" srcset=\"https:\/\/mariafernandacardoso.com\/wp-content\/uploads\/2020\/04\/Nicolas-Cardenas-1024x634-1.jpg 1024w, https:\/\/mariafernandacardoso.com\/wp-content\/uploads\/2020\/04\/Nicolas-Cardenas-1024x634-1-300x186.jpg 300w, https:\/\/mariafernandacardoso.com\/wp-content\/uploads\/2020\/04\/Nicolas-Cardenas-1024x634-1-768x476.jpg 768w, https:\/\/mariafernandacardoso.com\/wp-content\/uploads\/2020\/04\/Nicolas-Cardenas-1024x634-1-220x136.jpg 220w, https:\/\/mariafernandacardoso.com\/wp-content\/uploads\/2020\/04\/Nicolas-Cardenas-1024x634-1-530x328.jpg 530w\" sizes=\"(max-width: 585px) 100vw, 585px\" \/><figcaption>Nicolas C\u00e1rdenas<\/figcaption><\/figure><\/div>\n\n\n\n<div class=\"wp-block-image\"><figure class=\"aligncenter size-large is-resized\"><img loading=\"lazy\" decoding=\"async\" src=\"https:\/\/mariafernandacardoso.com\/wp-content\/uploads\/2020\/04\/Maria-Fernanda-Cardoso-1024x491-1.jpg\" alt=\"\" class=\"wp-image-6007\" width=\"584\" height=\"280\" srcset=\"https:\/\/mariafernandacardoso.com\/wp-content\/uploads\/2020\/04\/Maria-Fernanda-Cardoso-1024x491-1.jpg 1024w, https:\/\/mariafernandacardoso.com\/wp-content\/uploads\/2020\/04\/Maria-Fernanda-Cardoso-1024x491-1-300x144.jpg 300w, https:\/\/mariafernandacardoso.com\/wp-content\/uploads\/2020\/04\/Maria-Fernanda-Cardoso-1024x491-1-768x368.jpg 768w, https:\/\/mariafernandacardoso.com\/wp-content\/uploads\/2020\/04\/Maria-Fernanda-Cardoso-1024x491-1-220x105.jpg 220w, https:\/\/mariafernandacardoso.com\/wp-content\/uploads\/2020\/04\/Maria-Fernanda-Cardoso-1024x491-1-583x280.jpg 583w\" sizes=\"(max-width: 584px) 100vw, 584px\" \/><figcaption>Maria Fernanda Cardoso<\/figcaption><\/figure><\/div>\n\n\n\n<div class=\"wp-block-image\"><figure class=\"aligncenter size-large is-resized\"><img loading=\"lazy\" decoding=\"async\" src=\"https:\/\/mariafernandacardoso.com\/wp-content\/uploads\/2020\/04\/Karen-Aune-900x1602-1-575x1024.jpg\" alt=\"\" class=\"wp-image-6008\" width=\"402\" height=\"717\" srcset=\"https:\/\/mariafernandacardoso.com\/wp-content\/uploads\/2020\/04\/Karen-Aune-900x1602-1-575x1024.jpg 575w, https:\/\/mariafernandacardoso.com\/wp-content\/uploads\/2020\/04\/Karen-Aune-900x1602-1-169x300.jpg 169w, https:\/\/mariafernandacardoso.com\/wp-content\/uploads\/2020\/04\/Karen-Aune-900x1602-1-768x1367.jpg 768w, https:\/\/mariafernandacardoso.com\/wp-content\/uploads\/2020\/04\/Karen-Aune-900x1602-1-124x220.jpg 124w, https:\/\/mariafernandacardoso.com\/wp-content\/uploads\/2020\/04\/Karen-Aune-900x1602-1-184x328.jpg 184w, https:\/\/mariafernandacardoso.com\/wp-content\/uploads\/2020\/04\/Karen-Aune-900x1602-1.jpg 900w\" sizes=\"(max-width: 402px) 100vw, 402px\" \/><figcaption>Karen Aune<\/figcaption><\/figure><\/div>\n\n\n\n<div class=\"wp-block-image\"><figure class=\"aligncenter size-large is-resized\"><img loading=\"lazy\" decoding=\"async\" src=\"https:\/\/mariafernandacardoso.com\/wp-content\/uploads\/2020\/04\/Alvaro-Diego-Gomez-Campuzano-1024x594-1.jpg\" alt=\"\" class=\"wp-image-6009\" width=\"365\" height=\"211\" srcset=\"https:\/\/mariafernandacardoso.com\/wp-content\/uploads\/2020\/04\/Alvaro-Diego-Gomez-Campuzano-1024x594-1.jpg 1024w, https:\/\/mariafernandacardoso.com\/wp-content\/uploads\/2020\/04\/Alvaro-Diego-Gomez-Campuzano-1024x594-1-300x174.jpg 300w, https:\/\/mariafernandacardoso.com\/wp-content\/uploads\/2020\/04\/Alvaro-Diego-Gomez-Campuzano-1024x594-1-768x446.jpg 768w, https:\/\/mariafernandacardoso.com\/wp-content\/uploads\/2020\/04\/Alvaro-Diego-Gomez-Campuzano-1024x594-1-220x128.jpg 220w, https:\/\/mariafernandacardoso.com\/wp-content\/uploads\/2020\/04\/Alvaro-Diego-Gomez-Campuzano-1024x594-1-565x328.jpg 565w\" sizes=\"(max-width: 365px) 100vw, 365px\" \/><figcaption>Alvaro Diego Gomez Campuzano<\/figcaption><\/figure><\/div>\n\n\n\n<div class=\"wp-block-image\"><figure class=\"aligncenter size-large is-resized\"><img loading=\"lazy\" decoding=\"async\" src=\"https:\/\/mariafernandacardoso.com\/wp-content\/uploads\/2020\/04\/Alicia-De-La-Torre-1024x575-1.jpg\" alt=\"\" class=\"wp-image-6010\" width=\"483\" height=\"270\" srcset=\"https:\/\/mariafernandacardoso.com\/wp-content\/uploads\/2020\/04\/Alicia-De-La-Torre-1024x575-1.jpg 1024w, https:\/\/mariafernandacardoso.com\/wp-content\/uploads\/2020\/04\/Alicia-De-La-Torre-1024x575-1-300x168.jpg 300w, https:\/\/mariafernandacardoso.com\/wp-content\/uploads\/2020\/04\/Alicia-De-La-Torre-1024x575-1-768x431.jpg 768w, https:\/\/mariafernandacardoso.com\/wp-content\/uploads\/2020\/04\/Alicia-De-La-Torre-1024x575-1-220x124.jpg 220w\" sizes=\"(max-width: 483px) 100vw, 483px\" \/><figcaption>Alicia De La Torre<\/figcaption><\/figure><\/div>\n\n\n\n<div class=\"wp-block-image\"><figure class=\"aligncenter size-large is-resized\"><img loading=\"lazy\" decoding=\"async\" src=\"https:\/\/mariafernandacardoso.com\/wp-content\/uploads\/2020\/04\/Adriana-Marmorek-900x1602-1-575x1024.jpg\" alt=\"\" class=\"wp-image-6011\" width=\"381\" height=\"679\" srcset=\"https:\/\/mariafernandacardoso.com\/wp-content\/uploads\/2020\/04\/Adriana-Marmorek-900x1602-1-575x1024.jpg 575w, https:\/\/mariafernandacardoso.com\/wp-content\/uploads\/2020\/04\/Adriana-Marmorek-900x1602-1-169x300.jpg 169w, https:\/\/mariafernandacardoso.com\/wp-content\/uploads\/2020\/04\/Adriana-Marmorek-900x1602-1-768x1367.jpg 768w, https:\/\/mariafernandacardoso.com\/wp-content\/uploads\/2020\/04\/Adriana-Marmorek-900x1602-1-863x1536.jpg 863w, https:\/\/mariafernandacardoso.com\/wp-content\/uploads\/2020\/04\/Adriana-Marmorek-900x1602-1-124x220.jpg 124w, https:\/\/mariafernandacardoso.com\/wp-content\/uploads\/2020\/04\/Adriana-Marmorek-900x1602-1-184x328.jpg 184w, https:\/\/mariafernandacardoso.com\/wp-content\/uploads\/2020\/04\/Adriana-Marmorek-900x1602-1.jpg 900w\" sizes=\"(max-width: 381px) 100vw, 381px\" \/><figcaption>Adriana Marmorek<\/figcaption><\/figure><\/div>\n\n\n\n<div class=\"wp-block-image\"><figure class=\"aligncenter size-large is-resized\"><img loading=\"lazy\" decoding=\"async\" src=\"https:\/\/mariafernandacardoso.com\/wp-content\/uploads\/2020\/04\/Invitacion-Museo-de-Arte-de-Pereira-1024x1024.jpeg\" alt=\"\" class=\"wp-image-6012\" width=\"365\" height=\"365\" srcset=\"https:\/\/mariafernandacardoso.com\/wp-content\/uploads\/2020\/04\/Invitacion-Museo-de-Arte-de-Pereira-1024x1024.jpeg 1024w, https:\/\/mariafernandacardoso.com\/wp-content\/uploads\/2020\/04\/Invitacion-Museo-de-Arte-de-Pereira-300x300.jpeg 300w, https:\/\/mariafernandacardoso.com\/wp-content\/uploads\/2020\/04\/Invitacion-Museo-de-Arte-de-Pereira-150x150.jpeg 150w, https:\/\/mariafernandacardoso.com\/wp-content\/uploads\/2020\/04\/Invitacion-Museo-de-Arte-de-Pereira-768x768.jpeg 768w, https:\/\/mariafernandacardoso.com\/wp-content\/uploads\/2020\/04\/Invitacion-Museo-de-Arte-de-Pereira-90x90.jpeg 90w, https:\/\/mariafernandacardoso.com\/wp-content\/uploads\/2020\/04\/Invitacion-Museo-de-Arte-de-Pereira-220x220.jpeg 220w, https:\/\/mariafernandacardoso.com\/wp-content\/uploads\/2020\/04\/Invitacion-Museo-de-Arte-de-Pereira-328x328.jpeg 328w, https:\/\/mariafernandacardoso.com\/wp-content\/uploads\/2020\/04\/Invitacion-Museo-de-Arte-de-Pereira-656x656.jpeg 656w, https:\/\/mariafernandacardoso.com\/wp-content\/uploads\/2020\/04\/Invitacion-Museo-de-Arte-de-Pereira-500x500.jpeg 500w, https:\/\/mariafernandacardoso.com\/wp-content\/uploads\/2020\/04\/Invitacion-Museo-de-Arte-de-Pereira.jpeg 1080w\" sizes=\"(max-width: 365px) 100vw, 365px\" \/><\/figure><\/div>\n\n\n\n<p>Arte Al L\u00edmite. 2020. \u201cSimbiosis Entr\u00f3pica Exposici\u00f3n Colectiva En Museo de Arte de Pereira, Colombia,\u201d April 15, 2020.&nbsp;<a href=\"https:\/\/www.arteallimite.com\/2020\/04\/14\/simbiosis-entropica-exposicion-colectiva-en-museo-de-arte-de-pereira-colombia-suspendida\/?fbclid=IwAR2ZRZmHtyI3bq4aroFrQFYS_ZZZTAP7lFnykGv02At0F3Ex64pn9AlEUvY\">https:\/\/www.arteallimite.com\/2020\/04\/14\/simbiosis-entropica-exposicion-colectiva-en-museo-de-arte-de-pereira-colombia-suspendida\/?fbclid=IwAR2ZRZmHtyI3bq4aroFrQFYS_ZZZTAP7lFnykGv02At0F3Ex64pn9AlEUvY<\/a><\/p>","protected":false},"excerpt":{"rendered":"<p>Curador: John \u00c1ngel Rodr\u00edguez. Las obras exhibidas en&nbsp;Simbiosis Entr\u00f3pica&nbsp; invitan al espectador a establecer conexiones e interpretaciones, que precedan la narrativa tradicional y el discurso hermen\u00e9utico de la historia del arte, para de esta&nbsp;&nbsp;manera posibilitar una nueva forma de disertaci\u00f3n y renovar la experiencia contemplativa. La tecnolog\u00eda nos permite superar &hellip;<\/p>\n<div class=\"wrap-excerpt-more\"><a class=\"excerpt-more\" href=\"https:\/\/mariafernandacardoso.com\/es\/simbiosis-entropica-exposicion-colectiva-en-museo-de-arte-de-pereira-colombia-suspendida\/\">Continue reading<\/a><\/div>","protected":false},"author":2,"featured_media":6007,"comment_status":"closed","ping_status":"closed","sticky":false,"template":"","format":"standard","meta":{"footnotes":""},"categories":[1],"tags":[],"_links":{"self":[{"href":"https:\/\/mariafernandacardoso.com\/es\/wp-json\/wp\/v2\/posts\/6001"}],"collection":[{"href":"https:\/\/mariafernandacardoso.com\/es\/wp-json\/wp\/v2\/posts"}],"about":[{"href":"https:\/\/mariafernandacardoso.com\/es\/wp-json\/wp\/v2\/types\/post"}],"author":[{"embeddable":true,"href":"https:\/\/mariafernandacardoso.com\/es\/wp-json\/wp\/v2\/users\/2"}],"replies":[{"embeddable":true,"href":"https:\/\/mariafernandacardoso.com\/es\/wp-json\/wp\/v2\/comments?post=6001"}],"version-history":[{"count":5,"href":"https:\/\/mariafernandacardoso.com\/es\/wp-json\/wp\/v2\/posts\/6001\/revisions"}],"predecessor-version":[{"id":6029,"href":"https:\/\/mariafernandacardoso.com\/es\/wp-json\/wp\/v2\/posts\/6001\/revisions\/6029"}],"wp:featuredmedia":[{"embeddable":true,"href":"https:\/\/mariafernandacardoso.com\/es\/wp-json\/wp\/v2\/media\/6007"}],"wp:attachment":[{"href":"https:\/\/mariafernandacardoso.com\/es\/wp-json\/wp\/v2\/media?parent=6001"}],"wp:term":[{"taxonomy":"category","embeddable":true,"href":"https:\/\/mariafernandacardoso.com\/es\/wp-json\/wp\/v2\/categories?post=6001"},{"taxonomy":"post_tag","embeddable":true,"href":"https:\/\/mariafernandacardoso.com\/es\/wp-json\/wp\/v2\/tags?post=6001"}],"curies":[{"name":"wp","href":"https:\/\/api.w.org\/{rel}","templated":true}]}}